{"id":2680,"date":"2020-08-05T19:18:24","date_gmt":"2020-08-05T18:18:24","guid":{"rendered":"https:\/\/arcus.org.rs\/hun\/?p=2680"},"modified":"2021-03-02T13:06:14","modified_gmt":"2021-03-02T12:06:14","slug":"elmarad-az-oko-camp","status":"publish","type":"post","link":"https:\/\/arcus.org.rs\/hun\/elmarad-az-oko-camp\/","title":{"rendered":"Elmarad az \u00d6KO-CAMP"},"content":{"rendered":"<div id=\"attachment_2682\" style=\"width: 285px\" class=\"wp-caption alignright\"><a href=\"https:\/\/arcus.org.rs\/hun\/wp-content\/uploads\/2020\/08\/oko-camp2019.Photo_.Szekula.V..jpg\"><img aria-describedby=\"caption-attachment-2682\" loading=\"lazy\" class=\"wp-image-2682\" title=\"Az \u00d6KO-CAMP 2019 r\u00e9sztvev\u0151i (Photo: Szekula Veronika)\" src=\"https:\/\/arcus.org.rs\/hun\/wp-content\/uploads\/2020\/08\/oko-camp2019.Photo_.Szekula.V.-300x200.jpg\" alt=\"Az \u00d6KO-CAMP 2019 r\u00e9sztvev\u0151i (Photo: Szekula Veronika)\" width=\"275\" height=\"183\" srcset=\"https:\/\/arcus.org.rs\/hun\/wp-content\/uploads\/2020\/08\/oko-camp2019.Photo_.Szekula.V.-300x200.jpg 300w, https:\/\/arcus.org.rs\/hun\/wp-content\/uploads\/2020\/08\/oko-camp2019.Photo_.Szekula.V.-768x512.jpg 768w, https:\/\/arcus.org.rs\/hun\/wp-content\/uploads\/2020\/08\/oko-camp2019.Photo_.Szekula.V..jpg 840w\" sizes=\"(max-width: 275px) 100vw, 275px\" \/><\/a><p id=\"caption-attachment-2682\" class=\"wp-caption-text\">Az \u00d6KO-CAMP 2019 r\u00e9sztvev\u0151i (Photo: Szekula Veronika)<\/p><\/div>\n<p style=\"text-align: justify;\">Az Arcus K\u00f6rnyezetv\u00e9d\u0151 Egyes\u00fclet eln\u00f6ks\u00e9g\u00e9nek d\u00f6nt\u00e9se \u00e9rtelm\u00e9ben a j\u00e1rv\u00e1nyhelyzettel kapcsolatos \u00f3vint\u00e9zked\u00e9sek \u00e9s szigor\u00edt\u00e1sok tov\u00e1bbi fenntart\u00e1sa miatt, a hagyom\u00e1nyos term\u00e9szettudom\u00e1nyos ismeretterjeszt\u0151, k\u00f6rnyezet- \u00e9s term\u00e9szetv\u00e9delmi oktat\u00f3t\u00e1bor <strong>nem ker\u00fcl megtart\u00e1sra az idei \u00e9vben<\/strong>. <!--more-->Ennek \u00e9rtelm\u00e9ben a jubileumi \u00d6KO-CAMP j\u00f6v\u0151re, teh\u00e1t <strong>2021. j\u00falius 18-a \u00e9s 25-e<\/strong> k\u00f6z\u00f6tt ker\u00fcl megrendez\u00e9sre <strong>Topoly\u00e1n<\/strong>, a <strong>Topolyai-t\u00f3 partj\u00e1n<\/strong>, az egykori Kiss Lajos kast\u00e9ly mellett.<\/p>\n<p style=\"text-align: justify;\">Az idei t\u00e1borba hivatalosan bejelentkezett \u00e9s regisztr\u00e1lt r\u00e9sztvev\u0151k a j\u00f6v\u0151 \u00e9vi jelentkez\u00e9skor els\u0151bbs\u00e9get \u00e9lveznek. A nagy \u00e9rdekl\u0151d\u00e9sre val\u00f3 tekintettel 2021-ben a 6-9 \u00e9ves koroszt\u00e1ly sz\u00e1m\u00e1ra napk\u00f6zis t\u00e1bort szervez\u00fcnk, szint\u00e9n Topoly\u00e1n. Minden fontos tudnival\u00f3t, jelentkez\u00e9si fel\u00fclettel egy\u00fctt, egyes\u00fclet\u00fcnk hivatalos honlapj\u00e1n fogunk k\u00f6zz\u00e9tenni.<\/p>\n<p style=\"text-align: justify;\">Amennyiben k\u00e9rd\u00e9s mer\u00fclne fel a t\u00e1borok kapcs\u00e1n, h\u00edvd a +381-64-948-65-85-\u00f6s vagy a +381-64-819-52-14-es telefonsz\u00e1mok valamelyik\u00e9t, esetleg \u00edrj <a href=\"https:\/\/arcus.org.rs\/hun\/kapcsolat\/\"><em>e-mailt<\/em><\/a> egyes\u00fclet\u00fcnk c\u00edm\u00e9re.<\/p>\n<p style=\"text-align: justify;\">V\u00e1runk minden term\u00e9szetbar\u00e1t fiatalt t\u00e1borainkba!<\/p>\n<div class=\"fcbkbttn_buttons_block\" id=\"fcbkbttn_left\"><div class=\"fcbkbttn_like \"><fb:like href=\"https:\/\/arcus.org.rs\/hun\/elmarad-az-oko-camp\/\" action=\"like\" colorscheme=\"light\" layout=\"standard\" show-faces='false' width=\"450px\" size=\"small\"><\/fb:like><\/div><\/div>","protected":false},"excerpt":{"rendered":"<p>Az Arcus K\u00f6rnyezetv\u00e9d\u0151 Egyes\u00fclet eln\u00f6ks\u00e9g\u00e9nek d\u00f6nt\u00e9se \u00e9rtelm\u00e9ben a j\u00e1rv\u00e1nyhelyzettel kapcsolatos \u00f3vint\u00e9zked\u00e9sek \u00e9s szigor\u00edt\u00e1sok tov\u00e1bbi fenntart\u00e1sa miatt, a hagyom\u00e1nyos term\u00e9szettudom\u00e1nyos ismeretterjeszt\u0151, k\u00f6rnyezet- \u00e9s term\u00e9szetv\u00e9delmi oktat\u00f3t\u00e1bor nem ker\u00fcl megtart\u00e1sra az idei \u00e9vben.<\/p>\n","protected":false},"author":5,"featured_media":2681,"comment_status":"open","ping_status":"open","sticky":false,"template":"","format":"standard","meta":{"_mi_skip_tracking":false,"spay_email":"","jetpack_publicize_message":"","jetpack_is_tweetstorm":false,"jetpack_publicize_feature_enabled":true},"categories":[36],"tags":[],"jetpack_publicize_connections":[],"jetpack_featured_media_url":"https:\/\/arcus.org.rs\/hun\/wp-content\/uploads\/2020\/08\/oko-camp_2020_3.jpg","jetpack_shortlink":"https:\/\/wp.me\/p40Haz-He","jetpack_sharing_enabled":true,"jetpack_likes_enabled":false,"_links":{"self":[{"href":"https:\/\/arcus.org.rs\/hun\/wp-json\/wp\/v2\/posts\/2680"}],"collection":[{"href":"https:\/\/arcus.org.rs\/hun\/wp-json\/wp\/v2\/posts"}],"about":[{"href":"https:\/\/arcus.org.rs\/hun\/wp-json\/wp\/v2\/types\/post"}],"author":[{"embeddable":true,"href":"https:\/\/arcus.org.rs\/hun\/wp-json\/wp\/v2\/users\/5"}],"replies":[{"embeddable":true,"href":"https:\/\/arcus.org.rs\/hun\/wp-json\/wp\/v2\/comments?post=2680"}],"version-history":[{"count":3,"href":"https:\/\/arcus.org.rs\/hun\/wp-json\/wp\/v2\/posts\/2680\/revisions"}],"predecessor-version":[{"id":2685,"href":"https:\/\/arcus.org.rs\/hun\/wp-json\/wp\/v2\/posts\/2680\/revisions\/2685"}],"wp:featuredmedia":[{"embeddable":true,"href":"https:\/\/arcus.org.rs\/hun\/wp-json\/wp\/v2\/media\/2681"}],"wp:attachment":[{"href":"https:\/\/arcus.org.rs\/hun\/wp-json\/wp\/v2\/media?parent=2680"}],"wp:term":[{"taxonomy":"category","embeddable":true,"href":"https:\/\/arcus.org.rs\/hun\/wp-json\/wp\/v2\/categories?post=2680"},{"taxonomy":"post_tag","embeddable":true,"href":"https:\/\/arcus.org.rs\/hun\/wp-json\/wp\/v2\/tags?post=2680"}],"curies":[{"name":"wp","href":"https:\/\/api.w.org\/{rel}","templated":true}]}}