{"id":3325,"date":"2021-11-28T22:29:54","date_gmt":"2021-11-28T21:29:54","guid":{"rendered":"https:\/\/arcus.org.rs\/hun\/?p=3325"},"modified":"2022-02-23T15:14:13","modified_gmt":"2022-02-23T14:14:13","slug":"fasitasi-akcio","status":"publish","type":"post","link":"https:\/\/arcus.org.rs\/hun\/fasitasi-akcio\/","title":{"rendered":"F\u00e1s\u00edt\u00e1si akci\u00f3"},"content":{"rendered":"<div id=\"attachment_3329\" style=\"width: 275px\" class=\"wp-caption alignright\"><a href=\"https:\/\/arcus.org.rs\/hun\/wp-content\/uploads\/2021\/12\/faultetes.Photo_.Sihelnik.J..jpg\"><img aria-describedby=\"caption-attachment-3329\" loading=\"lazy\" class=\"wp-image-3329\" title=\"Fa\u00fcltet\u00e9s (Photo: Sihelnik J\u00f3zsef)\" src=\"https:\/\/arcus.org.rs\/hun\/wp-content\/uploads\/2021\/12\/faultetes.Photo_.Sihelnik.J.-300x200.jpg\" alt=\"Fa\u00fcltet\u00e9s (Photo: Sihelnik J\u00f3zsef)\" width=\"265\" height=\"177\" srcset=\"https:\/\/arcus.org.rs\/hun\/wp-content\/uploads\/2021\/12\/faultetes.Photo_.Sihelnik.J.-300x200.jpg 300w, https:\/\/arcus.org.rs\/hun\/wp-content\/uploads\/2021\/12\/faultetes.Photo_.Sihelnik.J.-768x512.jpg 768w, https:\/\/arcus.org.rs\/hun\/wp-content\/uploads\/2021\/12\/faultetes.Photo_.Sihelnik.J..jpg 840w\" sizes=\"(max-width: 265px) 100vw, 265px\" \/><\/a><p id=\"caption-attachment-3329\" class=\"wp-caption-text\">Fa\u00fcltet\u00e9s (Photo: Sihelnik J\u00f3zsef)<\/p><\/div>\n<p style=\"text-align: justify;\">A topolyai Arcus K\u00f6rnyezetv\u00e9d\u0151 Egyes\u00fclet az <a href=\"https:\/\/sbbfondacija.rs\/\" target=\"_blank\" rel=\"noopener\"><em>SBB Alap\u00edtv\u00e1ny<\/em><\/a> p\u00e1ly\u00e1zat\u00e1nak (<em>\u201e<a href=\"https:\/\/sbbfondacija.rs\/o-nama\/vesti\/?cp=1&amp;cy=2021&amp;ca=da-sume-bude-vise-da-se-lepse-dise\" target=\"_blank\" rel=\"noopener\">Da \u0161ume bude vi\u0161e. Da se lep\u0161e di\u0161e!<\/a>\u201c<\/em>) k\u00f6sz\u00f6nhet\u0151en hat \u0151shonos fafajb\u00f3l \u00f6sszesen 600 facsemet\u00e9t telep\u00edt Topolya keleti hat\u00e1r\u00e1ba, k\u00e9t helysz\u00ednen.<!--more--> A f\u00e1s\u00edt\u00e1si akci\u00f3 keret\u00e9ben kocs\u00e1nyos t\u00f6lgy, keskenylevel\u0171 k\u0151ris, feh\u00e9r ny\u00e1r, fekete ny\u00e1r, kislevel\u0171 h\u00e1rs \u00e9s ez\u00fcsth\u00e1rs csemet\u00e9k ker\u00fclnek \u00fcltet\u00e9sre, elegyes \u00e1llom\u00e1nyban.<\/p>\n<p style=\"text-align: justify;\">Az SBB Alap\u00edtv\u00e1ny nagyszab\u00e1s\u00fa, orsz\u00e1gos m\u00e9ret\u0171 f\u00e1s\u00edt\u00e1ssal k\u00edv\u00e1n hozz\u00e1j\u00e1rulni a jobb leveg\u0151min\u0151s\u00e9ghez, a kl\u00edmav\u00e1ltoz\u00e1s negat\u00edv hat\u00e1sainak cs\u00f6kkent\u00e9s\u00e9hez, a vesz\u00e9lyeztetett fajok elt\u0171n\u00e9s\u00e9nek megakad\u00e1lyoz\u00e1s\u00e1hoz, \u00e9s 2030-ra az eur\u00f3pai \u00e1tlagos erd\u0151s\u00fclts\u00e9g el\u00e9r\u00e9s\u00e9hez, ami igen fontos a k\u00f6rnyezet v\u00e9delm\u00e9\u00e9rt folytatott sikeres k\u00fczdelem ter\u00e9n. Az idei \u00e9vben 13 ezer facsemete telep\u00edt\u00e9s\u00e9t t\u00e1mogatj\u00e1k Szerbia szerte.<\/p>\n<p style=\"text-align: justify;\">A topolyai f\u00e1s\u00edt\u00e1si akci\u00f3 keret\u00e9ben a k\u00f6vetkez\u0151 helysz\u00edneken ker\u00fcl sor facsemet\u00e9k \u00fcltet\u00e9s\u00e9re:<\/p>\n<p style=\"text-align: justify;\"><strong><em>A D\u00f3zsa Gy\u00f6rgy Mez\u0151gazdas\u00e1gi V\u00e1llalat egykori, k\u00fcls\u0151 birtoka mellett<\/em><\/strong><strong> \u2013 2021. december 4-e, szombat, 10 \u00f3ra.<\/strong> Tal\u00e1lkoz\u00f3 a <strong>Sarl\u00f3s Boldogasszony r\u00f3mai katolikus templom<\/strong> el\u0151tt, majd indul\u00e1s a f\u00e1s\u00edt\u00e1s helysz\u00edn\u00e9re. A nagyobb t\u00e1vols\u00e1g miatt az \u00fat egy r\u00e9sz\u00e9t aut\u00f3val kell megtenni, majd a biztons\u00e1gos parkol\u00e1st \u00e9s n\u00e9mi gyalogl\u00e1st k\u00f6vet\u0151en \u00e9rkez\u00fcnk az akci\u00f3 helysz\u00edn\u00e9re. Ez alkalommal 200 facsemete \u00fcltet\u00e9s\u00e9hez v\u00e1rjuk az \u00f6nk\u00e9ntesek seg\u00edts\u00e9g\u00e9t.<\/p>\n<p style=\"text-align: justify;\"><strong><em>A D\u00f3zsa Gy\u00f6rgy Mez\u0151gazdas\u00e1gi V\u00e1llalat egykori, k\u00fcls\u0151 birtoka mellett<\/em><\/strong><strong> \u2013 2021. december 11-e, szombat, 10 \u00f3ra.<\/strong> Tal\u00e1lkoz\u00f3 a <strong>Sarl\u00f3s Boldogasszony r\u00f3mai katolikus templom<\/strong> el\u0151tt, majd indul\u00e1s a f\u00e1s\u00edt\u00e1s helysz\u00edn\u00e9re. A nagyobb t\u00e1vols\u00e1g miatt az \u00fat egy r\u00e9sz\u00e9t szint\u00e9n aut\u00f3val kell megtenni, majd a biztons\u00e1gos parkol\u00e1st \u00e9s n\u00e9mi gyalogl\u00e1st k\u00f6vet\u0151en \u00e9rkez\u00fcnk az akci\u00f3 helysz\u00edn\u00e9re. Ez alkalommal mind\u00f6ssze 170 facsemete \u00fcltet\u00e9s\u00e9hez v\u00e1rjuk az \u00f6nk\u00e9ntesek seg\u00edts\u00e9g\u00e9t.<\/p>\n<p style=\"text-align: justify;\"><strong><em>A zentai \u00fati k\u00f6rforgalom ut\u00e1ni els\u0151 gy\u00fcm\u00f6lcs\u00f6s mellett<\/em><\/strong><strong> \u2013 2021. december 17-e, p\u00e9ntek, 8 \u00f3ra.<\/strong> Tal\u00e1lkoz\u00f3 a f\u00e1s\u00edt\u00e1si akci\u00f3 helysz\u00edne melletti pihen\u0151helyn\u00e9l. Ez alkalommal m\u00e1r 230 facsemete \u00fcltet\u00e9s\u00e9hez v\u00e1rjuk az \u00f6nk\u00e9ntesek seg\u00edts\u00e9g\u00e9t.<\/p>\n<p style=\"text-align: justify;\">Aki szeretne r\u00e9szt venni az akci\u00f3n, \u00f6lt\u00f6zz\u00f6n r\u00e9tegesen \u00e9s hozzon mag\u00e1val \u00e1s\u00f3t, lap\u00e1tot vagy kap\u00e1t. Emellett aj\u00e1nlott a v\u00edz\u00e1ll\u00f3 l\u00e1bbeli visel\u00e9se.<\/p>\n<p style=\"text-align: justify;\">A j\u00f3 hangulatot, a forr\u00f3 te\u00e1t \u00e9s a pog\u00e1cs\u00e1t biztos\u00edtjuk!<\/p>\n<p style=\"text-align: justify;\">Amennyiben t\u00f6bbet szeretne megtudni az akci\u00f3r\u00f3l, h\u00edvja a +381-64-948-65-85-\u00f6s telefonsz\u00e1mot, vagy \u00edrjon <a href=\"https:\/\/arcus.org.rs\/hun\/kapcsolat\/\"><em>\u00fczenetet<\/em><\/a> egyes\u00fclet\u00fcnk c\u00edm\u00e9re.<\/p>\n<p style=\"text-align: justify;\">Szeretettel l\u00e1tunk minden kedves \u00e9rdekl\u0151d\u0151t!<\/p>\n<hr \/>\n<p style=\"text-align: justify;\"><strong>F \u0151 t \u00e1 m o g a t \u00f3<\/strong><a href=\"https:\/\/arcus.org.rs\/hun\/wp-content\/uploads\/2021\/12\/sbb.fondacija.png\"><img loading=\"lazy\" class=\"aligncenter wp-image-3327\" src=\"https:\/\/arcus.org.rs\/hun\/wp-content\/uploads\/2021\/12\/sbb.fondacija.png\" alt=\"\" width=\"280\" height=\"132\" \/><\/a><strong>T o v \u00e1 b b i \u00a0 t \u00e1 m o g a t \u00f3<\/strong><\/p>\n<p><a href=\"https:\/\/arcus.org.rs\/hun\/wp-content\/uploads\/2021\/12\/livnica.celika.png\"><img loading=\"lazy\" class=\"aligncenter wp-image-3328\" src=\"https:\/\/arcus.org.rs\/hun\/wp-content\/uploads\/2021\/12\/livnica.celika.png\" alt=\"\" width=\"110\" height=\"110\" \/><\/a><\/p>\n<div class=\"fcbkbttn_buttons_block\" id=\"fcbkbttn_left\"><div class=\"fcbkbttn_like \"><fb:like href=\"https:\/\/arcus.org.rs\/hun\/fasitasi-akcio\/\" action=\"like\" colorscheme=\"light\" layout=\"standard\" show-faces='false' width=\"450px\" size=\"small\"><\/fb:like><\/div><\/div>","protected":false},"excerpt":{"rendered":"<p>A topolyai Arcus K\u00f6rnyezetv\u00e9d\u0151 Egyes\u00fclet az SBB Alap\u00edtv\u00e1ny p\u00e1ly\u00e1zat\u00e1nak (\u201eDa \u0161ume bude vi\u0161e. Da se lep\u0161e di\u0161e!\u201c) k\u00f6sz\u00f6nhet\u0151en hat \u0151shonos fafajb\u00f3l \u00f6sszesen 600 facsemet\u00e9t telep\u00edt Topolya keleti hat\u00e1r\u00e1ba, k\u00e9t helysz\u00ednen.<\/p>\n","protected":false},"author":5,"featured_media":3326,"comment_status":"open","ping_status":"open","sticky":false,"template":"","format":"standard","meta":{"_mi_skip_tracking":false,"spay_email":"","jetpack_publicize_message":"","jetpack_is_tweetstorm":false,"jetpack_publicize_feature_enabled":true},"categories":[37],"tags":[],"jetpack_publicize_connections":[],"jetpack_featured_media_url":"https:\/\/arcus.org.rs\/hun\/wp-content\/uploads\/2021\/12\/velika_akcija_posumljavanja.jpg","jetpack_shortlink":"https:\/\/wp.me\/p40Haz-RD","jetpack_sharing_enabled":true,"jetpack_likes_enabled":false,"_links":{"self":[{"href":"https:\/\/arcus.org.rs\/hun\/wp-json\/wp\/v2\/posts\/3325"}],"collection":[{"href":"https:\/\/arcus.org.rs\/hun\/wp-json\/wp\/v2\/posts"}],"about":[{"href":"https:\/\/arcus.org.rs\/hun\/wp-json\/wp\/v2\/types\/post"}],"author":[{"embeddable":true,"href":"https:\/\/arcus.org.rs\/hun\/wp-json\/wp\/v2\/users\/5"}],"replies":[{"embeddable":true,"href":"https:\/\/arcus.org.rs\/hun\/wp-json\/wp\/v2\/comments?post=3325"}],"version-history":[{"count":4,"href":"https:\/\/arcus.org.rs\/hun\/wp-json\/wp\/v2\/posts\/3325\/revisions"}],"predecessor-version":[{"id":3343,"href":"https:\/\/arcus.org.rs\/hun\/wp-json\/wp\/v2\/posts\/3325\/revisions\/3343"}],"wp:featuredmedia":[{"embeddable":true,"href":"https:\/\/arcus.org.rs\/hun\/wp-json\/wp\/v2\/media\/3326"}],"wp:attachment":[{"href":"https:\/\/arcus.org.rs\/hun\/wp-json\/wp\/v2\/media?parent=3325"}],"wp:term":[{"taxonomy":"category","embeddable":true,"href":"https:\/\/arcus.org.rs\/hun\/wp-json\/wp\/v2\/categories?post=3325"},{"taxonomy":"post_tag","embeddable":true,"href":"https:\/\/arcus.org.rs\/hun\/wp-json\/wp\/v2\/tags?post=3325"}],"curies":[{"name":"wp","href":"https:\/\/api.w.org\/{rel}","templated":true}]}}